{"id":18043,"date":"2019-03-08T15:30:37","date_gmt":"2019-03-08T15:30:37","guid":{"rendered":"https:\/\/swedenbybike.com\/?p=18043"},"modified":"2019-04-01T07:03:15","modified_gmt":"2019-04-01T07:03:15","slug":"find-inspiration-for-summer-trip-on-bike-mass","status":"publish","type":"post","link":"https:\/\/swedenbybike.com\/en\/artiklar\/hitta-inspiration-till-sommarens-resa-pa-cykelmassan\/","title":{"rendered":"Find inspiration for this summer&#039;s trip at the bike fair"},"content":{"rendered":"<p><strong>This year&#039;s edition of the Swedish Bicycle Fair will be held at the Swedish Fair in Gothenburg between Friday 15 March and Sunday 17 March. One of the features is Cykla in Sweden where you can go and get inspiration for summer bicycle trips at the various destinations that exhibit. Sweden by Bike is on site to tell you about bike tourism in Sweden. We asked some questions about the fair to Patrik L\u00f6wstedt who is the project manager for the fair. &nbsp;&nbsp;&nbsp;<\/strong><\/p>\n\n\n\n<p><strong>What does the visitor find <a href=\"http:\/\/cykelmassan.se\/app\/netattm\/attendee\/page\/74418\" target=\"_blank\" rel=\"noopener\">Swedish Bicycle Fair<\/a> in Gothenburg?<\/strong><\/p>\n\n\n\n<p>Up to 100 exhibitors with the most for you and your bike. Exciting lectures on stage where you can be inspired, entertained and informed. A great try-in area where you can test the latest bike models, both Racers and MTB. Spectacular freestyle show with jumps, volts and challenging tricks. And of course, Cykelriksdag is understood on Friday, where politicians are held accountable for upcoming initiatives on, among other things, bicycle commuting.<strong><\/strong><\/p>\n\n\n\n<p><strong>Do you notice any exciting trend in connection with this year&#039;s events?<\/strong><\/p>\n\n\n\n<p>Among the exhibitors, I suspect that many people are thinking a lot about what happens after the electric bicycle contribution disappears. It could probably be a topic of conversation at the fair. <\/p>\n\n\n\n<p><strong>Why should you visit <a href=\"http:\/\/cykelmassan.se\/app\/netattm\/attendee\/page\/78343\" target=\"_blank\" rel=\"noopener\">Cycling in Sweden<\/a>-montern?<\/strong> <\/p>\n\n\n\n<p>Of course you should visit it !! Is there anything better than seeing our beautiful country from our bicycle saddle, summer or autumn? I myself was on the Bj\u00e4re peninsula last spring, you are not seduced there so ... <\/p>","protected":false},"excerpt":{"rendered":"<p>\u00c5rets upplaga av Svenska Cykelm\u00e4ssan arrangeras p\u00e5 Svenska M\u00e4ssan i G\u00f6teborg mellan fredagen den 15 mars och s\u00f6ndagen den 17 mars. Ett av inslagen \u00e4r Cykla i Sverige dit man kan g\u00e5 och h\u00e4mta inspiration till sommarens cykelresor hos de olika destinationer som st\u00e4ller ut. Sweden by Bike finns p\u00e5 plats f\u00f6r att ber\u00e4tta om [&hellip;]<\/p>\n","protected":false},"author":7,"featured_media":18045,"comment_status":"closed","ping_status":"closed","sticky":false,"template":"","format":"standard","meta":{"_acf_changed":false,"_relevanssi_hide_post":"","_relevanssi_pin_for_all":"","_relevanssi_pin_keywords":"","_relevanssi_unpin_keywords":"","_relevanssi_related_keywords":"","_relevanssi_related_include_ids":"","_relevanssi_related_exclude_ids":"","_relevanssi_related_no_append":"","_relevanssi_related_not_related":"","_relevanssi_related_posts":"","footnotes":""},"categories":[142,141],"tags":[],"class_list":["post-18043","post","type-post","status-publish","format-standard","has-post-thumbnail","hentry","category-tips","category-nyheter"],"acf":[],"_links":{"self":[{"href":"https:\/\/swedenbybike.com\/en\/wp-json\/wp\/v2\/posts\/18043","targetHints":{"allow":["GET"]}}],"collection":[{"href":"https:\/\/swedenbybike.com\/en\/wp-json\/wp\/v2\/posts"}],"about":[{"href":"https:\/\/swedenbybike.com\/en\/wp-json\/wp\/v2\/types\/post"}],"author":[{"embeddable":true,"href":"https:\/\/swedenbybike.com\/en\/wp-json\/wp\/v2\/users\/7"}],"replies":[{"embeddable":true,"href":"https:\/\/swedenbybike.com\/en\/wp-json\/wp\/v2\/comments?post=18043"}],"version-history":[{"count":0,"href":"https:\/\/swedenbybike.com\/en\/wp-json\/wp\/v2\/posts\/18043\/revisions"}],"wp:featuredmedia":[{"embeddable":true,"href":"https:\/\/swedenbybike.com\/en\/wp-json\/wp\/v2\/media\/18045"}],"wp:attachment":[{"href":"https:\/\/swedenbybike.com\/en\/wp-json\/wp\/v2\/media?parent=18043"}],"wp:term":[{"taxonomy":"category","embeddable":true,"href":"https:\/\/swedenbybike.com\/en\/wp-json\/wp\/v2\/categories?post=18043"},{"taxonomy":"post_tag","embeddable":true,"href":"https:\/\/swedenbybike.com\/en\/wp-json\/wp\/v2\/tags?post=18043"}],"curies":[{"name":"wp","href":"https:\/\/api.w.org\/{rel}","templated":true}]}}