{"id":18031,"date":"2019-03-07T09:08:46","date_gmt":"2019-03-07T09:08:46","guid":{"rendered":"https:\/\/swedenbybike.com\/?p=18031"},"modified":"2019-03-07T09:13:30","modified_gmt":"2019-03-07T09:13:30","slug":"meet-us-on-swedish-cycle-mass","status":"publish","type":"post","link":"https:\/\/swedenbybike.com\/en\/artiklar\/traffa-oss-pa-svenska-cykelmassan\/","title":{"rendered":"Meet us at the Swedish Bicycle Fair March 15-17!"},"content":{"rendered":"<p><strong>This weekend, March 15-17, we will be exhibiting at the Swedish Bicycle Fair in Gothenburg! Sweden&#039;s largest trade fair for cycling and bicycles.<\/strong><\/p>\n\n\n\n<p>You will meet us in the fair&#039;s special exhibition section&nbsp;<em>Cycling in Sweden<\/em>&nbsp;- the perfect place for inspiration and information for spring, summer and autumn cycling trips! Here you can take part in competitions and meet organizers, residents and some of Sweden&#039;s best cycling routes and destinations. We are in booth B01: 22. Hope to see you!<\/p>\n\n\n\n<p>Here you will find more information: <a href=\"http:\/\/cykelmassan.se\/\" target=\"_blank\" rel=\"noopener\">http:\/\/cykelmassan.se<\/a><\/p>","protected":false},"excerpt":{"rendered":"<p>Helgen den 15-17 mars finns vi med som utst\u00e4llare p\u00e5 Svenska Cykelm\u00e4ssan i G\u00f6teborg! Sveriges&nbsp;st\u00f6rsta&nbsp;m\u00e4ssa&nbsp;om&nbsp;cykling&nbsp;och&nbsp;cyklar. Du tr\u00e4ffar oss i m\u00e4ssans speciella utst\u00e4llningsdel&nbsp;Cykla i Sverige&nbsp;&#8211; den perfekta platsen f\u00f6r att skaffa inspiration och information inf\u00f6r v\u00e5rens, sommarens och h\u00f6stens cykelresor! H\u00e4r kan du delta i t\u00e4vlingar och tr\u00e4ffa arrang\u00f6rer, boenden och n\u00e5gra av Sveriges b\u00e4sta cykelleder [&hellip;]<\/p>\n","protected":false},"author":2,"featured_media":18039,"comment_status":"closed","ping_status":"closed","sticky":false,"template":"","format":"standard","meta":{"_acf_changed":false,"_relevanssi_hide_post":"","_relevanssi_pin_for_all":"","_relevanssi_pin_keywords":"","_relevanssi_unpin_keywords":"","_relevanssi_related_keywords":"","_relevanssi_related_include_ids":"","_relevanssi_related_exclude_ids":"","_relevanssi_related_no_append":"","_relevanssi_related_not_related":"","_relevanssi_related_posts":"","footnotes":""},"categories":[142,141],"tags":[],"class_list":["post-18031","post","type-post","status-publish","format-standard","has-post-thumbnail","hentry","category-tips","category-nyheter"],"acf":[],"_links":{"self":[{"href":"https:\/\/swedenbybike.com\/en\/wp-json\/wp\/v2\/posts\/18031","targetHints":{"allow":["GET"]}}],"collection":[{"href":"https:\/\/swedenbybike.com\/en\/wp-json\/wp\/v2\/posts"}],"about":[{"href":"https:\/\/swedenbybike.com\/en\/wp-json\/wp\/v2\/types\/post"}],"author":[{"embeddable":true,"href":"https:\/\/swedenbybike.com\/en\/wp-json\/wp\/v2\/users\/2"}],"replies":[{"embeddable":true,"href":"https:\/\/swedenbybike.com\/en\/wp-json\/wp\/v2\/comments?post=18031"}],"version-history":[{"count":0,"href":"https:\/\/swedenbybike.com\/en\/wp-json\/wp\/v2\/posts\/18031\/revisions"}],"wp:featuredmedia":[{"embeddable":true,"href":"https:\/\/swedenbybike.com\/en\/wp-json\/wp\/v2\/media\/18039"}],"wp:attachment":[{"href":"https:\/\/swedenbybike.com\/en\/wp-json\/wp\/v2\/media?parent=18031"}],"wp:term":[{"taxonomy":"category","embeddable":true,"href":"https:\/\/swedenbybike.com\/en\/wp-json\/wp\/v2\/categories?post=18031"},{"taxonomy":"post_tag","embeddable":true,"href":"https:\/\/swedenbybike.com\/en\/wp-json\/wp\/v2\/tags?post=18031"}],"curies":[{"name":"wp","href":"https:\/\/api.w.org\/{rel}","templated":true}]}}